{"id":12676,"date":"2023-09-07T21:19:11","date_gmt":"2023-09-07T19:19:11","guid":{"rendered":"https:\/\/www.olx.pl\/zawodowo\/?p=12676"},"modified":"2025-05-05T13:17:00","modified_gmt":"2025-05-05T11:17:00","slug":"praca-dla-nieletnich","status":"publish","type":"post","link":"https:\/\/www.olx.pl\/zawodowo\/praca-dla-nieletnich\/","title":{"rendered":"Praca dla nieletnich \u2013 kiedy i gdzie mo\u017cna pracowa\u0107 przed sko\u0144czeniem 18. roku \u017cycia?"},"content":{"rendered":"","protected":false},"excerpt":{"rendered":"","protected":false},"author":75,"featured_media":12677,"comment_status":"open","ping_status":"closed","sticky":false,"template":"","format":"standard","meta":{"_acf_changed":false,"inline_featured_image":false,"footnotes":""},"categories":[59],"tags":[589,588,587,591,590],"coauthors":[1403],"class_list":["post-12676","post","type-post","status-publish","format-standard","has-post-thumbnail","hentry","category-prawo-pracy"],"acf":[],"yoast_head":"<!-- This site is optimized with the Yoast SEO plugin v27.6 - https:\/\/yoast.com\/product\/yoast-seo-wordpress\/ -->\n<title>Praca dla nieletnich \u2013 kiedy i gdzie mo\u017ce pracowa\u0107 nastolatek?<\/title>\n<meta name=\"description\" content=\"Praca dla nieletnich wi\u0105\u017ce si\u0119 z wieloma ograniczeniami. Dowiedz si\u0119, od ilu lat mo\u017cna pracowa\u0107 i jaka praca na wakacje b\u0119dzie najlepsza.\" \/>\n<meta name=\"robots\" content=\"index, follow, max-snippet:-1, max-image-preview:large, max-video-preview:-1\" \/>\n<link rel=\"canonical\" href=\"https:\/\/www.olx.pl\/zawodowo\/praca-dla-nieletnich\/\" \/>\n<meta property=\"og:locale\" content=\"pl_PL\" \/>\n<meta property=\"og:type\" content=\"article\" \/>\n<meta property=\"og:title\" content=\"Praca dla nieletnich \u2013 kiedy i gdzie mo\u017ce pracowa\u0107 nastolatek?\" \/>\n<meta property=\"og:description\" content=\"Praca dla nieletnich wi\u0105\u017ce si\u0119 z wieloma ograniczeniami. Dowiedz si\u0119, od ilu lat mo\u017cna pracowa\u0107 i jaka praca na wakacje b\u0119dzie najlepsza.\" \/>\n<meta property=\"og:url\" content=\"https:\/\/www.olx.pl\/zawodowo\/praca-dla-nieletnich\/\" \/>\n<meta property=\"og:site_name\" content=\"Zawodowo OLX\" \/>\n<meta property=\"article:published_time\" content=\"2023-09-07T19:19:11+00:00\" \/>\n<meta property=\"article:modified_time\" content=\"2025-05-05T11:17:00+00:00\" \/>\n<meta property=\"og:image\" content=\"https:\/\/www.olx.pl\/zawodowo\/wp-content\/uploads\/2023\/11\/teenage-worker-scaled.jpeg\" \/>\n\t<meta property=\"og:image:width\" content=\"2560\" \/>\n\t<meta property=\"og:image:height\" content=\"1707\" \/>\n\t<meta property=\"og:image:type\" content=\"image\/jpeg\" \/>\n<meta name=\"author\" content=\"Marta Ko\u015bciecha-Karkowska\" \/>\n<meta name=\"twitter:card\" content=\"summary_large_image\" \/>\n<meta name=\"twitter:label1\" content=\"Napisane przez\" \/>\n\t<meta name=\"twitter:data1\" content=\"Marta Ko\u015bciecha-Karkowska\" \/>\n\t<meta name=\"twitter:label2\" content=\"Szacowany czas czytania\" \/>\n\t<meta name=\"twitter:data2\" content=\"1 minuta\" \/>\n\t<meta name=\"twitter:label3\" content=\"Written by\" \/>\n\t<meta name=\"twitter:data3\" content=\"Marta Ko\u015bciecha-Karkowska\" \/>\n<script type=\"application\/ld+json\" class=\"yoast-schema-graph\">{\"@context\":\"https:\\\/\\\/schema.org\",\"@graph\":[{\"@type\":\"Article\",\"@id\":\"https:\\\/\\\/www.olx.pl\\\/zawodowo\\\/praca-dla-nieletnich\\\/#article\",\"isPartOf\":{\"@id\":\"https:\\\/\\\/www.olx.pl\\\/zawodowo\\\/praca-dla-nieletnich\\\/\"},\"author\":{\"name\":\"Marta Ko\u015bciecha-Karkowska\",\"@id\":\"https:\\\/\\\/www.olx.pl\\\/zawodowo\\\/#\\\/schema\\\/person\\\/9df64227fdd974807ee7aac713039959\"},\"headline\":\"Praca dla nieletnich \u2013 kiedy i gdzie mo\u017cna pracowa\u0107 przed sko\u0144czeniem 18. roku \u017cycia?\",\"datePublished\":\"2023-09-07T19:19:11+00:00\",\"dateModified\":\"2025-05-05T11:17:00+00:00\",\"mainEntityOfPage\":{\"@id\":\"https:\\\/\\\/www.olx.pl\\\/zawodowo\\\/praca-dla-nieletnich\\\/\"},\"wordCount\":14,\"commentCount\":0,\"publisher\":{\"@id\":\"https:\\\/\\\/www.olx.pl\\\/zawodowo\\\/#organization\"},\"image\":{\"@id\":\"https:\\\/\\\/www.olx.pl\\\/zawodowo\\\/praca-dla-nieletnich\\\/#primaryimage\"},\"thumbnailUrl\":\"https:\\\/\\\/www.olx.pl\\\/zawodowo\\\/wp-content\\\/uploads\\\/2023\\\/11\\\/teenage-worker-scaled.jpeg\",\"keywords\":[\"nastolatkowie\",\"praca dla nastolatka\",\"praca dla nieletnich\",\"praca sezonowa\",\"praca wakacyjna\"],\"articleSection\":[\"Prawo Pracy\"],\"inLanguage\":\"pl-PL\",\"potentialAction\":[{\"@type\":\"CommentAction\",\"name\":\"Comment\",\"target\":[\"https:\\\/\\\/www.olx.pl\\\/zawodowo\\\/praca-dla-nieletnich\\\/#respond\"]}]},{\"@type\":\"WebPage\",\"@id\":\"https:\\\/\\\/www.olx.pl\\\/zawodowo\\\/praca-dla-nieletnich\\\/\",\"url\":\"https:\\\/\\\/www.olx.pl\\\/zawodowo\\\/praca-dla-nieletnich\\\/\",\"name\":\"Praca dla nieletnich \u2013 kiedy i gdzie mo\u017ce pracowa\u0107 nastolatek?\",\"isPartOf\":{\"@id\":\"https:\\\/\\\/www.olx.pl\\\/zawodowo\\\/#website\"},\"primaryImageOfPage\":{\"@id\":\"https:\\\/\\\/www.olx.pl\\\/zawodowo\\\/praca-dla-nieletnich\\\/#primaryimage\"},\"image\":{\"@id\":\"https:\\\/\\\/www.olx.pl\\\/zawodowo\\\/praca-dla-nieletnich\\\/#primaryimage\"},\"thumbnailUrl\":\"https:\\\/\\\/www.olx.pl\\\/zawodowo\\\/wp-content\\\/uploads\\\/2023\\\/11\\\/teenage-worker-scaled.jpeg\",\"datePublished\":\"2023-09-07T19:19:11+00:00\",\"dateModified\":\"2025-05-05T11:17:00+00:00\",\"description\":\"Praca dla nieletnich wi\u0105\u017ce si\u0119 z wieloma ograniczeniami. Dowiedz si\u0119, od ilu lat mo\u017cna pracowa\u0107 i jaka praca na wakacje b\u0119dzie najlepsza.\",\"breadcrumb\":{\"@id\":\"https:\\\/\\\/www.olx.pl\\\/zawodowo\\\/praca-dla-nieletnich\\\/#breadcrumb\"},\"inLanguage\":\"pl-PL\",\"potentialAction\":[{\"@type\":\"ReadAction\",\"target\":[\"https:\\\/\\\/www.olx.pl\\\/zawodowo\\\/praca-dla-nieletnich\\\/\"]}]},{\"@type\":\"ImageObject\",\"inLanguage\":\"pl-PL\",\"@id\":\"https:\\\/\\\/www.olx.pl\\\/zawodowo\\\/praca-dla-nieletnich\\\/#primaryimage\",\"url\":\"https:\\\/\\\/www.olx.pl\\\/zawodowo\\\/wp-content\\\/uploads\\\/2023\\\/11\\\/teenage-worker-scaled.jpeg\",\"contentUrl\":\"https:\\\/\\\/www.olx.pl\\\/zawodowo\\\/wp-content\\\/uploads\\\/2023\\\/11\\\/teenage-worker-scaled.jpeg\",\"width\":2560,\"height\":1707},{\"@type\":\"BreadcrumbList\",\"@id\":\"https:\\\/\\\/www.olx.pl\\\/zawodowo\\\/praca-dla-nieletnich\\\/#breadcrumb\",\"itemListElement\":[{\"@type\":\"ListItem\",\"position\":1,\"name\":\"Olx praca\",\"item\":\"https:\\\/\\\/www.olx.pl\\\/zawodowo\\\/\"},{\"@type\":\"ListItem\",\"position\":2,\"name\":\"Strefa HR-owca\",\"item\":\"https:\\\/\\\/www.olx.pl\\\/zawodowo\\\/kategorie\\\/strefa-hr-owca\\\/\"},{\"@type\":\"ListItem\",\"position\":3,\"name\":\"Prawo Pracy\",\"item\":\"https:\\\/\\\/www.olx.pl\\\/zawodowo\\\/kategorie\\\/strefa-hr-owca\\\/prawo-pracy\\\/\"},{\"@type\":\"ListItem\",\"position\":4,\"name\":\"Praca dla nieletnich \u2013 kiedy i gdzie mo\u017cna pracowa\u0107 przed sko\u0144czeniem 18. roku \u017cycia?\"}]},{\"@type\":\"WebSite\",\"@id\":\"https:\\\/\\\/www.olx.pl\\\/zawodowo\\\/#website\",\"url\":\"https:\\\/\\\/www.olx.pl\\\/zawodowo\\\/\",\"name\":\"Zawodowo OLX\",\"description\":\"Zawodowo OLX\",\"publisher\":{\"@id\":\"https:\\\/\\\/www.olx.pl\\\/zawodowo\\\/#organization\"},\"potentialAction\":[{\"@type\":\"SearchAction\",\"target\":{\"@type\":\"EntryPoint\",\"urlTemplate\":\"https:\\\/\\\/www.olx.pl\\\/zawodowo\\\/?s={search_term_string}\"},\"query-input\":{\"@type\":\"PropertyValueSpecification\",\"valueRequired\":true,\"valueName\":\"search_term_string\"}}],\"inLanguage\":\"pl-PL\"},{\"@type\":\"Organization\",\"@id\":\"https:\\\/\\\/www.olx.pl\\\/zawodowo\\\/#organization\",\"name\":\"Zawodowo OLX\",\"url\":\"https:\\\/\\\/www.olx.pl\\\/zawodowo\\\/\",\"logo\":{\"@type\":\"ImageObject\",\"inLanguage\":\"pl-PL\",\"@id\":\"https:\\\/\\\/www.olx.pl\\\/zawodowo\\\/#\\\/schema\\\/logo\\\/image\\\/\",\"url\":\"https:\\\/\\\/www.olx.pl\\\/zawodowo\\\/wp-content\\\/uploads\\\/2022\\\/11\\\/logo-dark.svg\",\"contentUrl\":\"https:\\\/\\\/www.olx.pl\\\/zawodowo\\\/wp-content\\\/uploads\\\/2022\\\/11\\\/logo-dark.svg\",\"width\":153,\"height\":40,\"caption\":\"Zawodowo OLX\"},\"image\":{\"@id\":\"https:\\\/\\\/www.olx.pl\\\/zawodowo\\\/#\\\/schema\\\/logo\\\/image\\\/\"}},{\"@type\":\"Person\",\"@id\":\"https:\\\/\\\/www.olx.pl\\\/zawodowo\\\/#\\\/schema\\\/person\\\/9df64227fdd974807ee7aac713039959\",\"name\":\"Marta Ko\u015bciecha-Karkowska\",\"image\":{\"@type\":\"ImageObject\",\"inLanguage\":\"pl-PL\",\"@id\":\"https:\\\/\\\/secure.gravatar.com\\\/avatar\\\/7bc8579635b9d7ea1dfbc4c55f633bfd8e89f5e8f283327d8bb2cceb08d68761?s=96&d=mm&r=gd5374858bd177ee3a215653b4c94efdc\",\"url\":\"https:\\\/\\\/secure.gravatar.com\\\/avatar\\\/7bc8579635b9d7ea1dfbc4c55f633bfd8e89f5e8f283327d8bb2cceb08d68761?s=96&d=mm&r=g\",\"contentUrl\":\"https:\\\/\\\/secure.gravatar.com\\\/avatar\\\/7bc8579635b9d7ea1dfbc4c55f633bfd8e89f5e8f283327d8bb2cceb08d68761?s=96&d=mm&r=g\",\"caption\":\"Marta Ko\u015bciecha-Karkowska\"},\"url\":\"https:\\\/\\\/www.olx.pl\\\/zawodowo\\\/author\\\/martka_kosciecha\\\/\"}]}<\/script>\n<!-- \/ Yoast SEO plugin. -->","yoast_head_json":{"title":"Praca dla nieletnich \u2013 kiedy i gdzie mo\u017ce pracowa\u0107 nastolatek?","description":"Praca dla nieletnich wi\u0105\u017ce si\u0119 z wieloma ograniczeniami. Dowiedz si\u0119, od ilu lat mo\u017cna pracowa\u0107 i jaka praca na wakacje b\u0119dzie najlepsza.","robots":{"index":"index","follow":"follow","max-snippet":"max-snippet:-1","max-image-preview":"max-image-preview:large","max-video-preview":"max-video-preview:-1"},"canonical":"https:\/\/www.olx.pl\/zawodowo\/praca-dla-nieletnich\/","og_locale":"pl_PL","og_type":"article","og_title":"Praca dla nieletnich \u2013 kiedy i gdzie mo\u017ce pracowa\u0107 nastolatek?","og_description":"Praca dla nieletnich wi\u0105\u017ce si\u0119 z wieloma ograniczeniami. Dowiedz si\u0119, od ilu lat mo\u017cna pracowa\u0107 i jaka praca na wakacje b\u0119dzie najlepsza.","og_url":"https:\/\/www.olx.pl\/zawodowo\/praca-dla-nieletnich\/","og_site_name":"Zawodowo OLX","article_published_time":"2023-09-07T19:19:11+00:00","article_modified_time":"2025-05-05T11:17:00+00:00","og_image":[{"width":2560,"height":1707,"url":"https:\/\/www.olx.pl\/zawodowo\/wp-content\/uploads\/2023\/11\/teenage-worker-scaled.jpeg","type":"image\/jpeg"}],"author":"Marta Ko\u015bciecha-Karkowska","twitter_card":"summary_large_image","twitter_misc":{"Napisane przez":"Marta Ko\u015bciecha-Karkowska","Szacowany czas czytania":"1 minuta","Written by":"Marta Ko\u015bciecha-Karkowska"},"schema":{"@context":"https:\/\/schema.org","@graph":[{"@type":"Article","@id":"https:\/\/www.olx.pl\/zawodowo\/praca-dla-nieletnich\/#article","isPartOf":{"@id":"https:\/\/www.olx.pl\/zawodowo\/praca-dla-nieletnich\/"},"author":{"name":"Marta Ko\u015bciecha-Karkowska","@id":"https:\/\/www.olx.pl\/zawodowo\/#\/schema\/person\/9df64227fdd974807ee7aac713039959"},"headline":"Praca dla nieletnich \u2013 kiedy i gdzie mo\u017cna pracowa\u0107 przed sko\u0144czeniem 18. roku \u017cycia?","datePublished":"2023-09-07T19:19:11+00:00","dateModified":"2025-05-05T11:17:00+00:00","mainEntityOfPage":{"@id":"https:\/\/www.olx.pl\/zawodowo\/praca-dla-nieletnich\/"},"wordCount":14,"commentCount":0,"publisher":{"@id":"https:\/\/www.olx.pl\/zawodowo\/#organization"},"image":{"@id":"https:\/\/www.olx.pl\/zawodowo\/praca-dla-nieletnich\/#primaryimage"},"thumbnailUrl":"https:\/\/www.olx.pl\/zawodowo\/wp-content\/uploads\/2023\/11\/teenage-worker-scaled.jpeg","keywords":["nastolatkowie","praca dla nastolatka","praca dla nieletnich","praca sezonowa","praca wakacyjna"],"articleSection":["Prawo Pracy"],"inLanguage":"pl-PL","potentialAction":[{"@type":"CommentAction","name":"Comment","target":["https:\/\/www.olx.pl\/zawodowo\/praca-dla-nieletnich\/#respond"]}]},{"@type":"WebPage","@id":"https:\/\/www.olx.pl\/zawodowo\/praca-dla-nieletnich\/","url":"https:\/\/www.olx.pl\/zawodowo\/praca-dla-nieletnich\/","name":"Praca dla nieletnich \u2013 kiedy i gdzie mo\u017ce pracowa\u0107 nastolatek?","isPartOf":{"@id":"https:\/\/www.olx.pl\/zawodowo\/#website"},"primaryImageOfPage":{"@id":"https:\/\/www.olx.pl\/zawodowo\/praca-dla-nieletnich\/#primaryimage"},"image":{"@id":"https:\/\/www.olx.pl\/zawodowo\/praca-dla-nieletnich\/#primaryimage"},"thumbnailUrl":"https:\/\/www.olx.pl\/zawodowo\/wp-content\/uploads\/2023\/11\/teenage-worker-scaled.jpeg","datePublished":"2023-09-07T19:19:11+00:00","dateModified":"2025-05-05T11:17:00+00:00","description":"Praca dla nieletnich wi\u0105\u017ce si\u0119 z wieloma ograniczeniami. Dowiedz si\u0119, od ilu lat mo\u017cna pracowa\u0107 i jaka praca na wakacje b\u0119dzie najlepsza.","breadcrumb":{"@id":"https:\/\/www.olx.pl\/zawodowo\/praca-dla-nieletnich\/#breadcrumb"},"inLanguage":"pl-PL","potentialAction":[{"@type":"ReadAction","target":["https:\/\/www.olx.pl\/zawodowo\/praca-dla-nieletnich\/"]}]},{"@type":"ImageObject","inLanguage":"pl-PL","@id":"https:\/\/www.olx.pl\/zawodowo\/praca-dla-nieletnich\/#primaryimage","url":"https:\/\/www.olx.pl\/zawodowo\/wp-content\/uploads\/2023\/11\/teenage-worker-scaled.jpeg","contentUrl":"https:\/\/www.olx.pl\/zawodowo\/wp-content\/uploads\/2023\/11\/teenage-worker-scaled.jpeg","width":2560,"height":1707},{"@type":"BreadcrumbList","@id":"https:\/\/www.olx.pl\/zawodowo\/praca-dla-nieletnich\/#breadcrumb","itemListElement":[{"@type":"ListItem","position":1,"name":"Olx praca","item":"https:\/\/www.olx.pl\/zawodowo\/"},{"@type":"ListItem","position":2,"name":"Strefa HR-owca","item":"https:\/\/www.olx.pl\/zawodowo\/kategorie\/strefa-hr-owca\/"},{"@type":"ListItem","position":3,"name":"Prawo Pracy","item":"https:\/\/www.olx.pl\/zawodowo\/kategorie\/strefa-hr-owca\/prawo-pracy\/"},{"@type":"ListItem","position":4,"name":"Praca dla nieletnich \u2013 kiedy i gdzie mo\u017cna pracowa\u0107 przed sko\u0144czeniem 18. roku \u017cycia?"}]},{"@type":"WebSite","@id":"https:\/\/www.olx.pl\/zawodowo\/#website","url":"https:\/\/www.olx.pl\/zawodowo\/","name":"Zawodowo OLX","description":"Zawodowo OLX","publisher":{"@id":"https:\/\/www.olx.pl\/zawodowo\/#organization"},"potentialAction":[{"@type":"SearchAction","target":{"@type":"EntryPoint","urlTemplate":"https:\/\/www.olx.pl\/zawodowo\/?s={search_term_string}"},"query-input":{"@type":"PropertyValueSpecification","valueRequired":true,"valueName":"search_term_string"}}],"inLanguage":"pl-PL"},{"@type":"Organization","@id":"https:\/\/www.olx.pl\/zawodowo\/#organization","name":"Zawodowo OLX","url":"https:\/\/www.olx.pl\/zawodowo\/","logo":{"@type":"ImageObject","inLanguage":"pl-PL","@id":"https:\/\/www.olx.pl\/zawodowo\/#\/schema\/logo\/image\/","url":"https:\/\/www.olx.pl\/zawodowo\/wp-content\/uploads\/2022\/11\/logo-dark.svg","contentUrl":"https:\/\/www.olx.pl\/zawodowo\/wp-content\/uploads\/2022\/11\/logo-dark.svg","width":153,"height":40,"caption":"Zawodowo OLX"},"image":{"@id":"https:\/\/www.olx.pl\/zawodowo\/#\/schema\/logo\/image\/"}},{"@type":"Person","@id":"https:\/\/www.olx.pl\/zawodowo\/#\/schema\/person\/9df64227fdd974807ee7aac713039959","name":"Marta Ko\u015bciecha-Karkowska","image":{"@type":"ImageObject","inLanguage":"pl-PL","@id":"https:\/\/secure.gravatar.com\/avatar\/7bc8579635b9d7ea1dfbc4c55f633bfd8e89f5e8f283327d8bb2cceb08d68761?s=96&d=mm&r=gd5374858bd177ee3a215653b4c94efdc","url":"https:\/\/secure.gravatar.com\/avatar\/7bc8579635b9d7ea1dfbc4c55f633bfd8e89f5e8f283327d8bb2cceb08d68761?s=96&d=mm&r=g","contentUrl":"https:\/\/secure.gravatar.com\/avatar\/7bc8579635b9d7ea1dfbc4c55f633bfd8e89f5e8f283327d8bb2cceb08d68761?s=96&d=mm&r=g","caption":"Marta Ko\u015bciecha-Karkowska"},"url":"https:\/\/www.olx.pl\/zawodowo\/author\/martka_kosciecha\/"}]}},"_links":{"self":[{"href":"https:\/\/www.olx.pl\/zawodowo\/wp-json\/wp\/v2\/posts\/12676","targetHints":{"allow":["GET"]}}],"collection":[{"href":"https:\/\/www.olx.pl\/zawodowo\/wp-json\/wp\/v2\/posts"}],"about":[{"href":"https:\/\/www.olx.pl\/zawodowo\/wp-json\/wp\/v2\/types\/post"}],"author":[{"embeddable":true,"href":"https:\/\/www.olx.pl\/zawodowo\/wp-json\/wp\/v2\/users\/75"}],"replies":[{"embeddable":true,"href":"https:\/\/www.olx.pl\/zawodowo\/wp-json\/wp\/v2\/comments?post=12676"}],"version-history":[{"count":0,"href":"https:\/\/www.olx.pl\/zawodowo\/wp-json\/wp\/v2\/posts\/12676\/revisions"}],"wp:featuredmedia":[{"embeddable":true,"href":"https:\/\/www.olx.pl\/zawodowo\/wp-json\/wp\/v2\/media\/12677"}],"wp:attachment":[{"href":"https:\/\/www.olx.pl\/zawodowo\/wp-json\/wp\/v2\/media?parent=12676"}],"wp:term":[{"taxonomy":"category","embeddable":true,"href":"https:\/\/www.olx.pl\/zawodowo\/wp-json\/wp\/v2\/categories?post=12676"},{"taxonomy":"post_tag","embeddable":true,"href":"https:\/\/www.olx.pl\/zawodowo\/wp-json\/wp\/v2\/tags?post=12676"},{"taxonomy":"author","embeddable":true,"href":"https:\/\/www.olx.pl\/zawodowo\/wp-json\/wp\/v2\/coauthors?post=12676"}],"curies":[{"name":"wp","href":"https:\/\/api.w.org\/{rel}","templated":true}]}}